{"id":1184,"date":"2014-06-24T11:46:25","date_gmt":"2014-06-24T09:46:25","guid":{"rendered":"http:\/\/photo.jose-marcio.org\/gallery\/?p=1184"},"modified":"2018-12-09T18:16:34","modified_gmt":"2018-12-09T17:16:34","slug":"alors-m-horvat-cest-quoi-la-photographie","status":"publish","type":"post","link":"https:\/\/photo.jose-marcio.org\/gallery\/index.php\/2014\/06\/24\/alors-m-horvat-cest-quoi-la-photographie\/","title":{"rendered":"Alors, M. Horvat, c&rsquo;est quoi la photographie ???"},"content":{"rendered":"<p style=\"text-align: justify;\">La lecture du livre \u00ab\u00a0Entre vues\u00a0\u00bb [1] de Frank Horvat m&rsquo;a donn\u00e9 envie d&rsquo;\u00e9crire \u00e0 ce sujet. Dans le pr\u00e9face, l&rsquo;auteur critique durement les photographes amateurs ainsi que les philosophes de l&rsquo;image (Susan Sontag et Roland Barthes) estimant aberrants leurs propos et l&rsquo;id\u00e9e qu&rsquo;ils ont de ce que c&rsquo;est la \u00ab\u00a0<em>photographie<\/em>\u00ab\u00a0.<\/p>\n<p style=\"text-align: justify;\">Une id\u00e9e \u00e9litiste, comme si la vraie photographie n&rsquo;\u00e9tait possible que si r\u00e9alis\u00e9e par lui et ses pairs, le reste \u00e9tant de la <em>contrefa\u00e7on<\/em>. Je comprends ce qu&rsquo;il dit et pourquoi il le dit, mais je ne partage pas son avis. Par contre il s&rsquo;agit d&rsquo;un sujet de discussion tr\u00e8s int\u00e9ressant.<\/p>\n<p style=\"text-align: justify;\">Allez, soyons cart\u00e9siens&#8230; Dans l&rsquo;\u00e9cosyst\u00e8me de la photographie on peut identifier trois types d&rsquo;acteurs : ceux qui les <em>font<\/em>, ceux qui les <em>regardent<\/em> et ceux qui les <em>\u00e9tudient<\/em>.<\/p>\n<p style=\"text-align: justify;\">Parmi \u00ab\u00a0<em>ceux qui les font<\/em>\u00ab\u00a0, il y a les photographes amateurs (qui prennent des photos de leurs familles ou des endroits touristiques visit\u00e9s), les <em>photographes artistes<\/em> (Frank Horval, Henri-Cartier Bresson, &#8230;), les photographes d&rsquo;\u00e9v\u00e9nements (mariages, &#8230;), les photographes journalistes (Robert Capa, &#8230;), les <em>artistes photographes<\/em> (Nan Goldin, Cindy Sherman, &#8230; &#8211; \u00e0 ne pas confondre avec les<em> photographes artistes<\/em>), les experts (police scientifique, &#8230;) et encore beaucoup d&rsquo;autres cat\u00e9gories.<\/p>\n<p style=\"text-align: justify;\">Ces groupes ont des objectifs, des raisonnements et des modes op\u00e9ratoires diff\u00e9rentes et parfois contradictoires. On peut m\u00eame voir ces contradictions appara\u00eetre de fa\u00e7on flagrante chez le m\u00eame photographe lorsqu&rsquo;il est oblig\u00e9, pour des raisons alimentaires, de r\u00e9aliser des types de photo contraires \u00e0 son style majeur &#8211; on a vu cela arriver chez plusieurs des grands photographes.<\/p>\n<p style=\"text-align: justify;\"><em>\u00ab\u00a0Ceux qui regardent\u00a0\u00bb<\/em> les photos sont n&rsquo;importe qui. Ceux de la famille du voyageur, ceux qui fr\u00e9quentent les mus\u00e9es, les lecteurs des magazines, les magistrats dans les tribunaux, &#8230; Il peut avoir une incompatibilit\u00e9 de go\u00fbts ou d&rsquo;objectifs s&rsquo;il n&rsquo;y a pas de correspondance d&rsquo;objectifs entre celui qui fait et celui qui regarde. C&rsquo;est, dans le fond, la raison de l&rsquo;incompr\u00e9hension de Frank Horvat.<\/p>\n<p style=\"text-align: justify;\">Et \u00ab\u00a0ceux<em> qui les \u00e9tudient\u00a0\u00bb<\/em>&#8230; et bien, ce sont des s\u00e9miologues, des philosophes, des sociologues, des psychologues, des historiens d&rsquo;art, des critiques d&rsquo;art, &#8230; Bref, des gens qui prennent du recul et qui \u00e9tudient, avec plusieurs points de vue, les rapports \u00e0 la photographie de ceux qui les font, de ceux qui les regardent ainsi que les rapports entre les acteurs &#8211; des points de vue que, la plupart du temps, ne sont pas directement li\u00e9s aux techniques photographiques. Je pense que leur production est tr\u00e8s utile puisqu&rsquo;ils portent un regard neutre et plus profond que celui des autres acteurs. Par contre, leur langage n&rsquo;est pas toujours accessible aux non initi\u00e9s et le danger de la lecture de leurs \u00e9crits, par des non initi\u00e9s, est de se tromper dans l&rsquo;interpr\u00e9tation ou de g\u00e9n\u00e9raliser ce qui est dit dans un cadre sp\u00e9cifique et non g\u00e9n\u00e9ralisable.<\/p>\n<p style=\"text-align: justify;\">Mais c&rsquo;est quoi une <em>\u00ab\u00a0bonne photo\u00a0\u00bb<\/em> ? C&rsquo;est tr\u00e8s simple : c&rsquo;est une photo qui satisfait soit celui qu l&rsquo;a faite, soit celui qui la regarde. C&rsquo;est un avis objectif fond\u00e9 sur l&rsquo;utilit\u00e9. Les deux photos du pont de Brooklin, mentionn\u00e9es par Horvat, sont des bonnes photos : celle du touriste, qui a un souvenir de son voyage, et celle d&rsquo;Edouard Boubat qui r\u00e9pond \u00e0 ses imp\u00e9ratifs esth\u00e9tiques. Avec des crit\u00e8res et objectifs diff\u00e9rents, elles sont bonnes toutes les deux et leur comparaison n&rsquo;a pas de sens. C&rsquo;est peut-\u00eatre ce qui n&rsquo;a pas \u00e9t\u00e9 compris par le touriste et c&rsquo;est sa manifestation qui r\u00e9veille, chez Frank Horvat, le sentiment d&rsquo;incompr\u00e9hension de son travail.<\/p>\n<p style=\"text-align: justify;\"><span class=\"st\">Si l&rsquo;on peut d\u00e9finir ce que c&rsquo;est une <em>bonne photo<\/em>, c&rsquo;est quoi une <em>mauvaise photo<\/em> ? J&rsquo;imagine que c&rsquo;est une photo qui ne correspond pas \u00e0 un objectif ni de celui qui l&rsquo;a faite ni de celui qui la regarde. Peut-\u00eatre qu&rsquo;une mauvaise photo pour les uns ne soit pas mauvaise pour les autres&#8230; Aussi, peut-\u00eatre que le classement puisse ne pas \u00eatre aussi tranch\u00e9. Bref, une question de go\u00fbt&#8230;<\/span><\/p>\n<p style=\"text-align: justify;\">Cher Frank Horvat : je comprends tes raisons, tes photos sont tr\u00e8s bonnes, je les apprecie. Mais l&rsquo;appareil photo est un outil \u00e0 multiples usages, comme un tas d&rsquo;autres. Tu n&rsquo;est pas le seul \u00e0 savoir l&rsquo;utiliser correctement. D&rsquo;autres font des photos qui ne sont ni meilleurs ni pires que les tiennes : sont diff\u00e9rentes.<\/p>\n<h3 style=\"text-align: justify;\"><strong>Bibliographie :<\/strong><\/h3>\n<p>[1] Frank Horvat &#8211; <em>Entre vues &#8211;<\/em>, Editions Nathan, Paris 1990<\/p>\n<p>OBS : Ce livre de Frank Horvat n&rsquo;est plus disponible. On peut le trouver dans des biblioth\u00e8ques ou alors dans le site de Frank Horvat : <a title=\"Entre vues\" href=\"http:\/\/www.horvatland.com\/WEB\/en\/THE80s\/PP\/ENTRE%20VUES\/multi.htm\" target=\"_blank\" rel=\"noopener\">http:\/\/www.horvatland.com\/WEB\/en\/THE80s\/PP\/ENTRE%20VUES\/multi.htm<\/a>. Vu qu&rsquo;il n&rsquo;est pas disponible dans sa version fran\u00e7aise, je me permet de reproduire la partie dont il est question dans cet article.<\/p>\n<p style=\"padding-left: 60px; text-align: justify;\"><em>Quand on me demande ma profession, je r\u00e9ponds : \u00ab\u00a0photographe\u00a0\u00bb. Cela se dit facilement, ce n&rsquo;est pas comme si j&rsquo;avais \u00e0 annoncer \u00ab\u00a0je suis astrologue\u00a0\u00bb ou \u00ab\u00a0inspecteur des imp\u00f4ts\u00a0\u00bb. C&rsquo;est pourtant moins simple que de dire \u00ab\u00a0sculpteur\u00a0\u00bb ou \u00ab\u00a0plombier\u00a0\u00bb. Il me semble toujours qu&rsquo;il faudrait pr\u00e9ciser, ajouter quelque chose comme: \u00ab\u00a0mais un photographe n&rsquo;est pas ce que vous imaginez\u00a0\u00bb ou \u00ab\u00a0mais il faudrait d\u00e9finir ce qu&rsquo;on entend par photographie\u00a0\u00bb.<\/em><\/p>\n<p style=\"padding-left: 60px; text-align: justify;\"><em>Je n&rsquo;ajoute rien, bien s\u00fbr. Ce serait inutile : les gens croient savoir, tous prennent des photos (ou se laissent prendre en photo). Quand ils en parlent c&rsquo;est pour dire : \u00ab\u00a0Si on fait dix bobines on a forc\u00e9ment une bonne photo\u00a0\u00bb ou \u00ab\u00a0J&rsquo;ai fait exactement la m\u00eame photo que vous, sur le pont de Brooklin, seulement sans le personnage.\u00a0\u00bb (Propos rapport\u00e9 par Edouard Boubat). Les philosophes de la photographie \u00e9crivent :\u00a0\u00bbLa voyance du Photographe ne consiste pas \u00e0 \u00ab\u00a0voir\u00a0\u00bb mais \u00e0 se trouver l\u00e0.\u00a0\u00bb (Roland Barthes), ou bien \u00ab\u00a0Il n&rsquo;y a pas des mauvaises photos : il n&rsquo;y a que des photos moins int\u00e9ressantes, moins significatives, moins myst\u00e9rieuses.\u00a0\u00bb<\/em><\/p>\n<p style=\"padding-left: 60px; text-align: justify;\"><em>Pour un photographe de tels propos sont ab\u00e9rrants. L&rsquo;exp\u00e9rience quotidienne nous montre qu&rsquo;il ne suffit pas de presser un bouton pour que ce qui est devant la bo\u00eete soit dedans. Et que, m\u00eame si on l&rsquo;a, on n&rsquo;a pas n\u00e9cessairement une bonne photo. Une bonne photo est une chose rare, presque miraculeuse, que m\u00eame les meilleurs n&rsquo;obtiennent que quelques dizaines (ou centaines) de fois dans une vie. Comment des gens tels Barthes et Sontag peuvent ne voir qu&rsquo;un produit mecanique ? <\/em><\/p>\n<p style=\"padding-left: 60px; text-align: justify;\"><em>Nous nous sentons un peu incompris. Parfois cela nous irrite, parfois cela nous donne une sorte de satisfaction, comme si nous \u00e9tions les d\u00e9tenteurs d&rsquo;un secret, les initi\u00e9s d&rsquo;une secte. Nous reconnaissons les confr\u00e8res de loin, m\u00eame s&rsquo;ils ne portent pas d&rsquo;appareil, ne f\u00fbt-ce qu&rsquo;\u00e0 leur mani\u00e8re de laisser tra\u00eener le regard, sur pattes de velours, comme des f\u00e9lins aux agu\u00eats.<\/em><\/p>\n","protected":false},"excerpt":{"rendered":"<p>La lecture du livre \u00ab\u00a0Entre vues\u00a0\u00bb [1] de Frank Horvat m&rsquo;a donn\u00e9 envie d&rsquo;\u00e9crire \u00e0 ce sujet. Dans le pr\u00e9face,<\/p>\n","protected":false},"author":1,"featured_media":0,"comment_status":"closed","ping_status":"open","sticky":false,"template":"","format":"standard","meta":{"footnotes":""},"categories":[5],"tags":[],"class_list":["post-1184","post","type-post","status-publish","format-standard","hentry","category-blog","comments-off"],"post_mailing_queue_ids":[],"_links":{"self":[{"href":"https:\/\/photo.jose-marcio.org\/gallery\/index.php\/wp-json\/wp\/v2\/posts\/1184","targetHints":{"allow":["GET"]}}],"collection":[{"href":"https:\/\/photo.jose-marcio.org\/gallery\/index.php\/wp-json\/wp\/v2\/posts"}],"about":[{"href":"https:\/\/photo.jose-marcio.org\/gallery\/index.php\/wp-json\/wp\/v2\/types\/post"}],"author":[{"embeddable":true,"href":"https:\/\/photo.jose-marcio.org\/gallery\/index.php\/wp-json\/wp\/v2\/users\/1"}],"replies":[{"embeddable":true,"href":"https:\/\/photo.jose-marcio.org\/gallery\/index.php\/wp-json\/wp\/v2\/comments?post=1184"}],"version-history":[{"count":0,"href":"https:\/\/photo.jose-marcio.org\/gallery\/index.php\/wp-json\/wp\/v2\/posts\/1184\/revisions"}],"wp:attachment":[{"href":"https:\/\/photo.jose-marcio.org\/gallery\/index.php\/wp-json\/wp\/v2\/media?parent=1184"}],"wp:term":[{"taxonomy":"category","embeddable":true,"href":"https:\/\/photo.jose-marcio.org\/gallery\/index.php\/wp-json\/wp\/v2\/categories?post=1184"},{"taxonomy":"post_tag","embeddable":true,"href":"https:\/\/photo.jose-marcio.org\/gallery\/index.php\/wp-json\/wp\/v2\/tags?post=1184"}],"curies":[{"name":"wp","href":"https:\/\/api.w.org\/{rel}","templated":true}]}}