{"id":1503,"date":"2024-12-13T23:03:35","date_gmt":"2024-12-13T22:03:35","guid":{"rendered":"https:\/\/photo.jose-marcio.org\/gallery\/?p=1503"},"modified":"2024-12-14T18:02:12","modified_gmt":"2024-12-14T17:02:12","slug":"meme-pas-vieille","status":"publish","type":"post","link":"https:\/\/photo.jose-marcio.org\/gallery\/index.php\/2024\/12\/13\/meme-pas-vieille\/","title":{"rendered":"M\u00eame pas vieille&#8230;"},"content":{"rendered":"<p>Un projet que je n&rsquo;ai pas fini&#8230; L&rsquo;id\u00e9e \u00e9tait de faire soit un petit bouquin, soit une exposition. Le th\u00e8me \u00e9tait \u00ab\u00a0vieillir\u00a0\u00bb et faire passer un message positif disant que vieillir n&rsquo;est pas une catastrophe (je n&rsquo;aime pas le mot vieillir).<\/p>\n<p>Concr\u00e8tement, il s&rsquo;agit de passer un entretien avec des femmes d&rsquo;un certain \u00e2ge. Des femmes qui vivent l&rsquo;\u00e2ge qu&rsquo;elles ont et sont heureuses comme \u00e7a.<\/p>\n<p>J&rsquo;ai pu constater que, malgr\u00e9 le petit nombre de portraits, ce que ces dames ont en commun est leur activit\u00e9 sociale. Elles ne passent pas leur temps \u00e0 rester \u00e0 la maison ou \u00e0 s&rsquo;occuper des petits-enfants, \u00e0 faire des g\u00e2teaux, m\u00eame si cela fait partie de leur vie. Elles ne regrettent pas les ann\u00e9es pass\u00e9s. Elles ont toutes une activit\u00e9 sociale, souvent du b\u00e9n\u00e9volat.<\/p>\n<h2>Elina<\/h2>\n<p><img loading=\"lazy\" decoding=\"async\" class=\"wp-image-1504 alignright\" src=\"https:\/\/photo.jose-marcio.org\/gallery\/wp-content\/uploads\/2024\/12\/2015-01-28-J7H_8207.jpg\" alt=\"\" width=\"450\" height=\"300\" srcset=\"https:\/\/photo.jose-marcio.org\/gallery\/wp-content\/uploads\/2024\/12\/2015-01-28-J7H_8207.jpg 900w, https:\/\/photo.jose-marcio.org\/gallery\/wp-content\/uploads\/2024\/12\/2015-01-28-J7H_8207-300x200.jpg 300w, https:\/\/photo.jose-marcio.org\/gallery\/wp-content\/uploads\/2024\/12\/2015-01-28-J7H_8207-768x512.jpg 768w\" sizes=\"auto, (max-width: 450px) 100vw, 450px\" \/>Elina&#8230; sacr\u00e9e Elina. Je l&rsquo;ai appel\u00e9, par t\u00e9l\u00e9phone, pour lui demander un rendez vous et j&rsquo;ai d\u00e9j\u00e0 eu la certitude de son dynamisme. Elle m&rsquo;a re\u00e7u et nous avons pu bavarder pendant presque deux heures sans voir le temps passer.<\/p>\n<p>Avec 93 ans et demi (elle a insist\u00e9 sur le \u00ab\u00a0demi\u00a0\u00bb), c&rsquo;est une femme dynamique et cultiv\u00e9e, avec un caract\u00e8re bien affirm\u00e9, tr\u00e8s au courant de l&rsquo;actualit\u00e9 et des technologies modernes. On peut discuter de tout avec elle.<\/p>\n<p>Sa vie professionnelle a commenc\u00e9 en tant que professeur de lettres. Puis, apr\u00e8s une p\u00e9riode d&rsquo;arr\u00eat au d\u00e9but de son mariage quand elle a eu ses trois enfants, elle a voulu enseigner en classe de maternelle &#8211; c&rsquo;\u00e9tait son choix. Enfin la retraite, pour laisser la place libre \u00e0 quelqu&rsquo;un d&rsquo;autre, dans un esprit de partage du march\u00e9 de l&#8217;emploi.<\/p>\n<p>Cet esprit de partage, elle le cultive depuis l&rsquo;adolescence avec le scoutisme. L&rsquo;enseignement est aussi une activit\u00e9 sociale, puisque tourn\u00e9e vers les autres, qu&rsquo;elle a compl\u00e9t\u00e9 avec du syndicalisme et encore d&rsquo;autres activit\u00e9s sociales.<\/p>\n<p>La retraite lui a permis de voyager plus et plus longtemps avec son mari, mais aussi de se d\u00e9dier encore plus \u00e0 des \u0153uvres sociales. Dans la premi\u00e8re ann\u00e9e, elle a \u00e9tudi\u00e9 \u00e9gyptologie \u00e0 l&rsquo;Ecole du Louvre.<\/p>\n<p><img loading=\"lazy\" decoding=\"async\" class=\"alignleft wp-image-1520\" src=\"https:\/\/photo.jose-marcio.org\/gallery\/wp-content\/uploads\/2024\/12\/2015-01-28-J7H_8210.jpg\" alt=\"\" width=\"420\" height=\"420\" srcset=\"https:\/\/photo.jose-marcio.org\/gallery\/wp-content\/uploads\/2024\/12\/2015-01-28-J7H_8210.jpg 900w, https:\/\/photo.jose-marcio.org\/gallery\/wp-content\/uploads\/2024\/12\/2015-01-28-J7H_8210-300x300.jpg 300w, https:\/\/photo.jose-marcio.org\/gallery\/wp-content\/uploads\/2024\/12\/2015-01-28-J7H_8210-150x150.jpg 150w, https:\/\/photo.jose-marcio.org\/gallery\/wp-content\/uploads\/2024\/12\/2015-01-28-J7H_8210-768x768.jpg 768w\" sizes=\"auto, (max-width: 420px) 100vw, 420px\" \/>Le soutien scolaire est, parmi ses activit\u00e9s actuelles, celle qui m&rsquo;a sembl\u00e9 \u00eatre sa pr\u00e9f\u00e9r\u00e9e. Activit\u00e9 qu&rsquo;elle pratique toujours avec deux ou trois \u00e9l\u00e8ves. Des enfants, des jeunes ou des adultes en difficult\u00e9s pour des raisons diverses (par exemple, des \u00e9trangers en difficult\u00e9s). Les acquis de sa carri\u00e8re lui permettent d&rsquo;apporter un soutien tr\u00e8s personnalis\u00e9 et bien identifier ce dont ses \u00e9l\u00e8ves ont besoin.<\/p>\n<p>Le travail associatif, \u00e7a se pr\u00e9pare. Il ne faut pas attendre la retraite pour commencer \u00e0 s&rsquo;ouvrir vers les autres\u00a0: \u00e7a ne marche pas. Elina a l&rsquo;impression que ceux qui n&rsquo;arrivent pas \u00e0 s&rsquo;ouvrir vers les autres finissent par s&rsquo;enfermer en eux m\u00eames.<\/p>\n<p>Ce que lui apporte ses activit\u00e9s de b\u00e9n\u00e9volat ? Rien, dit-elle, juste le partage, pouvoir aider ceux qui sont dans le besoin et qui ont moins qu&rsquo;elle. Avec un peu d&rsquo;insistance, elle a finit par admettre se sentir satisfaite quand elle constate des progr\u00e8s dans le chemin de ceux qu&rsquo;elle a pu aider.<\/p>\n<p>Une petite r\u00e9ussite tout \u00e0 fait personnelle ? La mont\u00e9e du Kilidmanjaro avec son mari, dans ses 56 ans ! La montagne la plus haute d&rsquo;Afrique. N\u00e9e \u00e0 Brian\u00e7on, la ville la plus haute de France, elle a \u00e9t\u00e9 habitu\u00e9e \u00e0 la marche en montagne. Son corps, elle s&rsquo;est toujours, et encore aujourd&rsquo;hui, efforc\u00e9 de le maintenir en forme, avec de la marche et de la gymnastique.<\/p>\n<p>Sur le monde d&rsquo;aujourd&rsquo;hui, elle pense que l&rsquo;on doit \u00e9lever les enfants avec plus de rigueur et autorit\u00e9\u00a0: inculquer des valeurs qui se perdent, en particulier le respect de l&rsquo;autre.<\/p>\n<p>Les \u00e9v\u00e9nements r\u00e9cents (les attentats autour de Charlie-Hebdo) sont pour elle un fait marquant. Elle a particip\u00e9 de la manifestation \u00e0 Paris et a \u00e9t\u00e9 satisfaite de voir l&rsquo;esprit de solidarit\u00e9 et pense que les gens doivent profiter de l&rsquo;occasion pour r\u00e9fl\u00e9chir et chercher \u00e0 mieux vivre ensemble.<\/p>\n<p>Finalement, nous sommes devenus des amis. C&rsquo;\u00e9tait une femme formidable. Et elle est partie \u00e0 ses 101 ans.<\/p>\n<h2>Ramatha<\/h2>\n<p class=\"western\" align=\"justify\"><span lang=\"fr-FR\"><img loading=\"lazy\" decoding=\"async\" class=\"wp-image-1508 alignright\" src=\"https:\/\/photo.jose-marcio.org\/gallery\/wp-content\/uploads\/2024\/12\/2015-01-28-J7H_8165.jpg\" alt=\"\" width=\"300\" height=\"450\" srcset=\"https:\/\/photo.jose-marcio.org\/gallery\/wp-content\/uploads\/2024\/12\/2015-01-28-J7H_8165.jpg 683w, https:\/\/photo.jose-marcio.org\/gallery\/wp-content\/uploads\/2024\/12\/2015-01-28-J7H_8165-200x300.jpg 200w\" sizes=\"auto, (max-width: 300px) 100vw, 300px\" \/>Ramatha est n\u00e9e au Mali et vit en France depuis 40 ans.. A la retraite depuis&#8230; 5 ans. Ce chiffre, elle a d\u00fb chercher un peu&#8230; Le temps, \u00e7a ne se compte pas&#8230; Alors, je n&rsquo;ai pas os\u00e9 lui demander son \u00e2ge puisque, comme elle le dit, l&rsquo;\u00e2ge n&rsquo;a pas d&rsquo;importance.<\/span><\/p>\n<p class=\"western\" align=\"justify\"><span lang=\"fr-FR\">Elle m\u00e8ne une vie tranquille et prends son temps : se l\u00e8ve vers 9h30 et se couche parfois tr\u00e8s tard quand il y a un programme int\u00e9ressant \u00e0 la t\u00e9l\u00e9. Elle s&rsquo;int\u00e9resse aux infos et aux programmes culturels (documentaire, &#8230;). Dans la journ\u00e9e, elle prend son temps&#8230; Elle aime bien diner avec ses enfants, qui sont d\u00e9j\u00e0 grands, c&rsquo;est un des moments conviviaux de la journ\u00e9e.<\/span><\/p>\n<p class=\"western\" align=\"justify\"><span lang=\"fr-FR\">La retraite, selon Ramatha, \u00e7a se pr\u00e9pare. Depuis longtemps elle avait d\u00e9j\u00e0 des activit\u00e9s associatives. Le passage \u00e0 la retraite a \u00e9t\u00e9 juste un arr\u00eat de son activit\u00e9 professionnelle et continuation dans des associations. Elle s&rsquo;est quand m\u00eame permit de ne rien faire pendant un mois&#8230;<\/span><\/p>\n<p class=\"western\" align=\"justify\"><span lang=\"fr-FR\">C&rsquo;est d&rsquo;ailleurs dans l&rsquo;association qu&rsquo;elle pr\u00e9side qu&rsquo;elle m&rsquo;a re\u00e7u. Son association aide les jeunes en difficult\u00e9, avec des cours aussi vari\u00e9s que l&rsquo;alphab\u00e9tisation, la couture et l&rsquo;informatique, \u2026 Ce jour l\u00e0 marquait une r\u00e9ussite puisque l&rsquo;association avait pu embaucher quelqu&rsquo;un pour s&rsquo;occuper des t\u00e2ches administratives et de la m\u00e9diation entre les personnes assist\u00e9es et les services administratifs, les \u00e9coles, etc.<\/span><\/p>\n<p class=\"western\" align=\"justify\"><span lang=\"fr-FR\"><img loading=\"lazy\" decoding=\"async\" class=\"wp-image-1515 alignleft\" src=\"https:\/\/photo.jose-marcio.org\/gallery\/wp-content\/uploads\/2024\/12\/2015-01-28-J7H_8176.jpg\" alt=\"\" width=\"300\" height=\"450\" srcset=\"https:\/\/photo.jose-marcio.org\/gallery\/wp-content\/uploads\/2024\/12\/2015-01-28-J7H_8176.jpg 683w, https:\/\/photo.jose-marcio.org\/gallery\/wp-content\/uploads\/2024\/12\/2015-01-28-J7H_8176-200x300.jpg 200w\" sizes=\"auto, (max-width: 300px) 100vw, 300px\" \/>La culture malienne r\u00e9sulte du m\u00e9lange des cultures des diff\u00e9rentes ethnies avec celles des peuples qui ont colonis\u00e9 le pays. Ramatha trouve ses racines dans l&rsquo;animisme, qu&rsquo;elle d\u00e9finit comme une vraie \u00e9cologie, sans la composante politique. Dans le respect de ses racines se greffe, par exemple, la religion. Ramatha pense qu&rsquo;il est tr\u00e8s important de pr\u00e9server ses racines et sa culture.<\/span><\/p>\n<p class=\"western\" align=\"justify\"><span lang=\"fr-FR\">Ramatha a un contact facile et le sourire est permanent chez elle. Son secret ? Simple, dit elle\u00a0: elle a toujours cherch\u00e9 \u00e0 casser les rapports inutilement solennels, ce qui lui permettait d&rsquo;\u00eatre plus proche des gens, d&rsquo;\u00eatre bien accept\u00e9e et de mieux faire passer ses id\u00e9es. C&rsquo;est une femme qui sait ce qu&rsquo;elle veut et se bat pour ses objectifs mais, vraisemblablement, sans rien bousculer.<\/span><\/p>\n<p class=\"western\" align=\"justify\"><span lang=\"fr-FR\">C&rsquo;est une femme belle et \u00ab\u00a0coquette\u00a0\u00bb qui soigne son image, mais sans exag\u00e9ration. Elle voulait \u00eatre belle pour la photo mais, dans les jours que je l&rsquo;ai vu, je n&rsquo;ai pas remarqu\u00e9 de diff\u00e9rence. Peut-\u00eatre que parce que je suis un homme, ou alors, son sourire suffit pour qu&rsquo;elle soit captivante.<\/span><\/p>\n<h2 align=\"justify\">Christine<\/h2>\n<p class=\"western\" align=\"justify\"><span lang=\"fr-FR\"><img loading=\"lazy\" decoding=\"async\" class=\"wp-image-1511 alignright\" src=\"https:\/\/photo.jose-marcio.org\/gallery\/wp-content\/uploads\/2024\/12\/2015-01-21-J7H_7925.jpg\" alt=\"\" width=\"300\" height=\"450\" srcset=\"https:\/\/photo.jose-marcio.org\/gallery\/wp-content\/uploads\/2024\/12\/2015-01-21-J7H_7925.jpg 600w, https:\/\/photo.jose-marcio.org\/gallery\/wp-content\/uploads\/2024\/12\/2015-01-21-J7H_7925-200x300.jpg 200w\" sizes=\"auto, (max-width: 300px) 100vw, 300px\" \/>Christine&#8230; Beaucoup de boulot pour la convaincre de se laisser photographier&#8230;<\/span><\/p>\n<p class=\"western\" align=\"justify\"><span lang=\"fr-FR\">H\u00e9sitante, elle a accept\u00e9 de me recevoir. On a discut\u00e9 autour de la table de son salon. Dans un coin de la table, l&rsquo;hebdomadaire du programme t\u00e9l\u00e9 et une revue de mots crois\u00e9s. Elle a rapidement demand\u00e9 : \u00ab\u00a0Mais que voulez vous de moi ? Un portrait ? Mais je ne suis pas photog\u00e9nique, je ne suis pas belle. Regardez ces photos. Et puis, il y a d&rsquo;autres gens qui sont plus int\u00e9ressants et plus importants que moi\u00a0\u00bb.<\/span><\/p>\n<p class=\"western\" align=\"justify\"><span lang=\"fr-FR\">Et puis, on a bavard\u00e9, on a parl\u00e9 de chacun de nous deux, pour nous conna\u00eetre et pour lui dire pourquoi je voulais faire son portrait.<\/span><\/p>\n<p class=\"western\" align=\"justify\"><span lang=\"fr-FR\">De la vie \u00e0 la ferme en son enfance \u00e0 la vie de nos jours : l&rsquo;actualit\u00e9, l&rsquo;internet, &#8230; le s\u00e9jour chez des s\u0153urs religieuses infirmi\u00e8res et son mariage \u00e0 25 ans avec celui qui, depuis l&rsquo;\u00e2ge de 17 ans, voulait se marier avec elle.<\/span><\/p>\n<p class=\"western\" align=\"justify\"><span lang=\"fr-FR\">L&rsquo;\u00e9picerie sociale, l&rsquo;association o\u00f9 elle a \u00e9t\u00e9 b\u00e9n\u00e9vole apr\u00e8s la retraite jusqu&rsquo;\u00e0 ce que l&rsquo;\u00e2ge ne le permettait plus. \u00ab\u00a0J&rsquo;ai organis\u00e9 le rangement des produits. Il fallait expliquer aux gens quoi acheter pour manger \u00e9quilibr\u00e9. Et maintenant on ne prend plus soin de la vitrine comme je le faisais&#8230;\u00a0\u00bb<\/span><\/p>\n<p class=\"western\" align=\"justify\"><span lang=\"fr-FR\"><img loading=\"lazy\" decoding=\"async\" class=\"wp-image-1517 alignleft\" src=\"https:\/\/photo.jose-marcio.org\/gallery\/wp-content\/uploads\/2024\/12\/2015-01-21-J7H_7900.jpg\" alt=\"\" width=\"420\" height=\"420\" srcset=\"https:\/\/photo.jose-marcio.org\/gallery\/wp-content\/uploads\/2024\/12\/2015-01-21-J7H_7900.jpg 900w, https:\/\/photo.jose-marcio.org\/gallery\/wp-content\/uploads\/2024\/12\/2015-01-21-J7H_7900-300x300.jpg 300w, https:\/\/photo.jose-marcio.org\/gallery\/wp-content\/uploads\/2024\/12\/2015-01-21-J7H_7900-150x150.jpg 150w, https:\/\/photo.jose-marcio.org\/gallery\/wp-content\/uploads\/2024\/12\/2015-01-21-J7H_7900-768x768.jpg 768w\" sizes=\"auto, (max-width: 420px) 100vw, 420px\" \/>Christine \u00ab\u00a0sourit avec les yeux\u00a0\u00bb. J&rsquo;ai voulu qu&rsquo;on en parle de son sourire si accueillant&#8230; Et elle me dit \u00eatre toujours comme \u00e7a m\u00eame avec les personnes qu&rsquo;elle ne connait pas. Pendant les 32 ans qu&rsquo;elle a travaill\u00e9 dans une librairie elle n&rsquo;a lev\u00e9 la voix que deux fois : une fois pour une promotion qu&rsquo;elle n&rsquo;a pas demande et l&rsquo;autre contre des gens qui discutaient de la religion. Et pourtant&#8230; elle ne se laisse pas faire !!!<\/span><\/p>\n<p class=\"western\" align=\"justify\"><span lang=\"fr-FR\">Au moment de partir \u00e0 la retraite, elle aurait pu rester encore mais, avec l&rsquo;arriv\u00e9e des ordinateurs, son employeur entendait licencier quelques caissi\u00e8res. Elle a d\u00e9cider de partir pour laisser sa place \u00e0 une de celles qui allaient \u00eatre licenci\u00e9es.<\/span><\/p>\n<p class=\"western\" align=\"justify\"><span lang=\"fr-FR\">Son \u00e2ge ? Elle n&rsquo;y pense pas mais souhaite ne pas devenir grabataire. Et en plus, il y a une dame qui habite pas trop loin qui a \u00e9t\u00e9 op\u00e9r\u00e9e des genoux, on lui a mis une proth\u00e8se et maintenant elle marche vite et Christine n&rsquo;arrive pas \u00e0 la suivre.<\/span><\/p>\n<p class=\"western\" align=\"justify\"><span lang=\"fr-FR\">Enfin, elle a fini par accepter de se faire photographier&#8230;<\/span><\/p>\n<p class=\"western\" align=\"justify\"><span lang=\"fr-FR\">Quand je partais, elle me demande si je voulais boire quelque chose, du jus de fruit ? Et me disait qu&rsquo;elle aurait d\u00fb me le proposer avant.<\/span><\/p>\n<p class=\"western\" align=\"justify\"><span lang=\"fr-FR\">A la maison, je pensais \u00e0 Christine et je crois l&rsquo;avoir comprise. Elle est quelqu&rsquo;un qui n&rsquo;a jamais cherch\u00e9 \u00e0 \u00eatre dans le \u00ab\u00a0devant de la sc\u00e8ne\u00a0\u00bb et a toujours mis les besoins et int\u00e9r\u00eats des autres devant les siens. Elle s&rsquo;est toujours satisfaite des petits bonheurs de la vie. C&rsquo;est peut-\u00eatre comme \u00e7a qu&rsquo;on peut \u00eatre heureux : il suffit juste de ne pas y penser, ne pas s&rsquo;acharner \u00e0 l&rsquo;\u00eatre \u00e0 tout prix !<\/span><\/p>\n<h2 align=\"justify\">Michelle<\/h2>\n<p class=\"western\" align=\"justify\"><img loading=\"lazy\" decoding=\"async\" class=\"wp-image-1513 alignright\" src=\"https:\/\/photo.jose-marcio.org\/gallery\/wp-content\/uploads\/2024\/12\/2015-01-30-J7H_8213.jpg\" alt=\"\" width=\"300\" height=\"450\" srcset=\"https:\/\/photo.jose-marcio.org\/gallery\/wp-content\/uploads\/2024\/12\/2015-01-30-J7H_8213.jpg 600w, https:\/\/photo.jose-marcio.org\/gallery\/wp-content\/uploads\/2024\/12\/2015-01-30-J7H_8213-200x300.jpg 200w\" sizes=\"auto, (max-width: 300px) 100vw, 300px\" \/>Michelle est un \u00ab concentr\u00e9 d&rsquo;\u00e9nergie \u00bb !!!<\/p>\n<p class=\"western\" align=\"justify\">Femme de caract\u00e8re tr\u00e8s fort\u00a0: ind\u00e9pendante, d\u00e9cid\u00e9e, tr\u00e8s active et courageuse. Comme un scout\u00a0: toujours pr\u00eate, toujours partante\u00a0! Ne laisse pas pour plus tard ce qu&rsquo;elle peut faire maintenant ou, plut\u00f4t, tout de suite.<\/p>\n<p class=\"western\" align=\"justify\">Elle a ses origines dans un milieu bourgeois bordelais. Arriv\u00e9e \u00e0 Paris \u00e0 20 ans, elle a fait toute sa vie professionnelle en tant qu&rsquo;infirmi\u00e8re dans le service de chirurgie d&rsquo;un h\u00f4pital parisien. Le passage \u00e0 la retraite a \u00e9t\u00e9 marqu\u00e9 par un petit arr\u00eat puis les activit\u00e9s associatives ont commenc\u00e9 tr\u00e8s vite avec d&rsquo;abord l\u2019\u00c9picerie Sociale, qu&rsquo;elle a aid\u00e9 \u00e0 cr\u00e9er. Puis, il y a aussi la Culture du C\u0153ur (des entr\u00e9es gratuites pour les spectacles), l&rsquo;aide au devoir avec 3 ou 4 enfants en permanence. A l&rsquo;\u00e9poque des vacances, il y a des cours de tricot. Elle a aussi un c\u00f4t\u00e9 artistique : photographie et peinture, mais ne pratique plus par manque de temps. Ce qu&rsquo;elle aime et c&rsquo;est ce que lui apporte l&rsquo;activit\u00e9 associative est le contact humain.<\/p>\n<p align=\"justify\">Ce qu&rsquo;elle aime le plus est le rugby f\u00e9minin. Ainsi, elle a aid\u00e9 \u00e0 cr\u00e9er l&rsquo;\u00e9quipe f\u00e9minine de rugby de Massy.<\/p>\n<p class=\"western\" align=\"justify\">Son \u00e2ge, 75 ans, elle ne cache pas, et \u00e7a ne le d\u00e9range pas non plus. Elle vit le moment pr\u00e9sent, elle n&rsquo;a pas d&rsquo;\u00e2ge.<\/p>\n<p class=\"western\" align=\"justify\">Comme toutes les femmes, dit elle, elle est coquette, aime \u00eatre bien pr\u00e9sentable pour plaire. Ne s&rsquo;habille pas avec des habits de son \u00e2ge mais avec des habits qui lui plaisent.<\/p>\n<p class=\"western\" align=\"justify\">Elle prends soin de son corps\u00a0: 7 km de marche nordique quasiment tous les jours et acqua gym les mercredis. Parfois elle est tiraill\u00e9e entre un r\u00e9gime et le plaisir gastronomique \u2013 peut-\u00eatre \u00e0 cause de ses racines bordelaises\u2026<\/p>\n<p class=\"western\" align=\"justify\"><img loading=\"lazy\" decoding=\"async\" class=\"wp-image-1518 alignleft\" src=\"https:\/\/photo.jose-marcio.org\/gallery\/wp-content\/uploads\/2024\/12\/2015-01-30-J7H_8236.jpg\" alt=\"\" width=\"300\" height=\"450\" srcset=\"https:\/\/photo.jose-marcio.org\/gallery\/wp-content\/uploads\/2024\/12\/2015-01-30-J7H_8236.jpg 600w, https:\/\/photo.jose-marcio.org\/gallery\/wp-content\/uploads\/2024\/12\/2015-01-30-J7H_8236-200x300.jpg 200w\" sizes=\"auto, (max-width: 300px) 100vw, 300px\" \/>Tr\u00e8s adepte des outils modernes de communication\u00a0: smartphone, ordinateur, tablette\u2026 Par contre, les gadgets de la voiture ne le branchent pas tellement, il faut avoir l&rsquo;essentiel et que \u00e7a roule\u00a0: elle fait beaucoup de kilom\u00e8tres en \u00e9t\u00e9\u00a0: la Dordogne, Bordeaux et les Landes.<\/p>\n<p class=\"western\" align=\"justify\">D\u00e9cid\u00e9e, ne se laisse pas \u00ab\u00a0marcher sur les pieds\u00a0\u00bb et n&rsquo;h\u00e9site pas, par exemple, \u00e0 remettre \u00e0 leur place des gros gaillards qui essayent de couper la file.<\/p>\n<p class=\"western\" align=\"justify\">Elle aime parler, discuter, raconter, \u2026 parler de ses enfants et petits enfants. Elle a des yeux qui \u00ab\u00a0p\u00e9tillent\u00a0\u00bb quand elle parle. Le tutoiement vient facilement et c&rsquo;est in\u00e9vitable.<\/p>\n<p class=\"western\" align=\"justify\">Derri\u00e8re toute cette \u00e9nergie, il y a une femme sensible, toujours pr\u00eate \u00e0 aider les autres, \u00e0 n&rsquo;importe quel moment. Elle n&rsquo;est jamais passive, elle prends toujours le devant (\u00ab\u00a0et si on faisais ceci\u00a0? Et si on faisait cela\u00a0?\u00a0\u00bb), pas pour para\u00eetre, mais pour plaire.<\/p>\n","protected":false},"excerpt":{"rendered":"<p>Un projet que je n&rsquo;ai pas fini&#8230; L&rsquo;id\u00e9e \u00e9tait de faire soit un petit bouquin, soit une exposition. Le th\u00e8me<\/p>\n","protected":false},"author":1,"featured_media":0,"comment_status":"closed","ping_status":"open","sticky":true,"template":"","format":"standard","meta":{"footnotes":""},"categories":[5],"tags":[],"class_list":["post-1503","post","type-post","status-publish","format-standard","hentry","category-blog","comments-off"],"post_mailing_queue_ids":[],"_links":{"self":[{"href":"https:\/\/photo.jose-marcio.org\/gallery\/index.php\/wp-json\/wp\/v2\/posts\/1503","targetHints":{"allow":["GET"]}}],"collection":[{"href":"https:\/\/photo.jose-marcio.org\/gallery\/index.php\/wp-json\/wp\/v2\/posts"}],"about":[{"href":"https:\/\/photo.jose-marcio.org\/gallery\/index.php\/wp-json\/wp\/v2\/types\/post"}],"author":[{"embeddable":true,"href":"https:\/\/photo.jose-marcio.org\/gallery\/index.php\/wp-json\/wp\/v2\/users\/1"}],"replies":[{"embeddable":true,"href":"https:\/\/photo.jose-marcio.org\/gallery\/index.php\/wp-json\/wp\/v2\/comments?post=1503"}],"version-history":[{"count":15,"href":"https:\/\/photo.jose-marcio.org\/gallery\/index.php\/wp-json\/wp\/v2\/posts\/1503\/revisions"}],"predecessor-version":[{"id":1528,"href":"https:\/\/photo.jose-marcio.org\/gallery\/index.php\/wp-json\/wp\/v2\/posts\/1503\/revisions\/1528"}],"wp:attachment":[{"href":"https:\/\/photo.jose-marcio.org\/gallery\/index.php\/wp-json\/wp\/v2\/media?parent=1503"}],"wp:term":[{"taxonomy":"category","embeddable":true,"href":"https:\/\/photo.jose-marcio.org\/gallery\/index.php\/wp-json\/wp\/v2\/categories?post=1503"},{"taxonomy":"post_tag","embeddable":true,"href":"https:\/\/photo.jose-marcio.org\/gallery\/index.php\/wp-json\/wp\/v2\/tags?post=1503"}],"curies":[{"name":"wp","href":"https:\/\/api.w.org\/{rel}","templated":true}]}}