{"id":932,"date":"2017-08-24T11:05:07","date_gmt":"2017-08-24T09:05:07","guid":{"rendered":"http:\/\/photo.jose-marcio.org\/gallery\/?p=932"},"modified":"2024-12-13T19:50:57","modified_gmt":"2024-12-13T18:50:57","slug":"devant-la-douleur-des-autres","status":"publish","type":"post","link":"https:\/\/photo.jose-marcio.org\/gallery\/index.php\/2017\/08\/24\/devant-la-douleur-des-autres\/","title":{"rendered":"Devant la douleur des autres&#8230;"},"content":{"rendered":"<p>\u00ab\u00a0Devant la douleur des autres\u00a0\u00bb, de Susan Sontag est un livre \u00e0 lire.<\/p>\n<p>Au d\u00e9but du deuxi\u00e8me chapitre, Susan \u00e9crit :<\/p>\n<p style=\"padding-left: 60px; text-align: justify;\"><em><span class=\"userContent\">\u00catre spectateur des calamit\u00e9s qui se d\u00e9roulent dans un autre pays constitue une exp\u00e9rience typiquement moderne, \u00e9tant donn\u00e9e l&rsquo;offre accumul\u00e9e, depuis plus d&rsquo;un si\u00e8cle et demi, que nous font ces touristes professionnels, sp\u00e9cialis\u00e9s, appel\u00e9s journalistes. Les guerres, \u00e0 pr\u00e9sent, sont aussi le spectacle son et lumi\u00e8re de nos salons.<\/span><\/em><\/p>\n<p style=\"text-align: justify;\"><span class=\"userContent\">Susan d\u00e9nonce un processus \u00e9conomique d&rsquo;offre et demande : la soci\u00e9t\u00e9 actuelle est, de plus en plus, demandeuse d&rsquo;images de plus en plus \u00ab\u00a0choc\u00a0\u00bb. Et il y aura toujours des professionnels pour satisfaire une demande&#8230;<\/span><\/p>\n<p style=\"text-align: justify;\"><span class=\"userContent\">Je me rappelle de la guerre du Golf en 91&#8230; La chaine \u00ab\u00a0La Cinq\u00a0\u00bb proposait une \u00e9dition sp\u00e9ciale qui durait toute la soir\u00e9e. Les m\u00eames questions \u00e9taient pos\u00e9es encore et encore aux invit\u00e9s qui se succ\u00e9daient&#8230; et toujours la m\u00eame r\u00e9ponse : <em>\u00ab\u00a0il faut \u00eatre tr\u00e8s prudent&#8230;\u00a0\u00bb<\/em>. Les t\u00e9l\u00e9spectateurs restaient scotch\u00e9s devant leur \u00e9cran dans l&rsquo;attente angoissante d&rsquo;un fait nouveau, qui ne venait jamais. On avait envie que \u00e7a se passe comme dans un \u00e9pisode de de ces s\u00e9ries polici\u00e8res, avec beaucoup de sang et, au bout de juste 50 minutes d&rsquo;attente, le h\u00e9ros finissait par massacrer le bandit ou, au moins, l&rsquo;arr\u00eater et le mettre en prison. Mais dans la vie r\u00e9elle les choses ne se passent pas comme dans ces \u00e9pisodes et les guerres sont alors suivies en temps r\u00e9el comme des feuilletons : nous l&rsquo;avons vu dans d&rsquo;autres \u00ab\u00a0\u00e9pisodes\u00a0\u00bb plus r\u00e9cents&#8230;<\/span><\/p>\n<p style=\"text-align: justify;\">Les images de violence font d\u00e9j\u00e0 partie de notre soci\u00e9t\u00e9. Il y a une banalisation, une accoutumance et une de-sensibilisation : ces images sont produites \u00e0 une cadence telle que nous nous sommes habitu\u00e9s et plus nous sommes habitu\u00e9s, plus nous sommes susceptibles d&rsquo;accepter et demander des images de plus en plus violentes.<\/p>\n<p style=\"text-align: justify;\"><span class=\"userContent\">Le livre contient une s\u00e9rie int\u00e9ressante de r\u00e9flexions au sujet des images de \u00ab\u00a0la douleur des autres\u00a0\u00bb. La plupart des exemples trait\u00e9s se r\u00e9f\u00e8rent \u00e0 des photos des guerres, mais la r\u00e9flexion est g\u00e9n\u00e9rale.<\/span><\/p>\n<p style=\"text-align: justify;\"><span class=\"userContent\">En fait, il y a une r\u00e9flexion \u00e0 mener au sujet des photos que nous prenons et de nous demander si certaines photos sont vraiment utiles. Je cite deux exemples tr\u00e8s anodins de photos que l&rsquo;on trouve souvent dans les forums ou r\u00e9seaux sociaux. Les photos de la pauvret\u00e9 : les clochards et les personnes sans abri&#8230; Ou encore, les photographes avides de technologie qui prennent des photos de personnes \u00e2g\u00e9es ou us\u00e9es par une vie difficile, augmentent excessivement le contraste pour renforcer les rides et les marques du temps. A quoi \u00e7a sert ???<br \/>\n<\/span><\/p>\n<p style=\"text-align: justify;\">Dans l&rsquo;autre extr\u00eame, il y a des photos faites par des photographes professionnels et que je pense sont parfaitement inutiles. Je pense, par exemple, \u00e0 une photo de Steve McCurry, d&rsquo;un <a href=\"https:\/\/www.csactu.fr\/wp-content\/uploads\/2022\/02\/PISTOLET-GARCON-1024x924.jpg\" target=\"_blank\" rel=\"noopener\">petit gar\u00e7on au Perou<\/a>, pointant un pistolet vers son front. On aper\u00e7oit le d\u00e9sespoir dans le visage de l&rsquo;enfant. M\u00eame si la cause est anodine, sa r\u00e9action, de pointer un pistolet vers sa t\u00eate, est terrible. Je peux comprendre que cette photo puisse \u00eatre utilis\u00e9e avec une finalit\u00e9 d&rsquo;aide sociale, mais pas qu&rsquo;elle soit mise en vente ou que l&rsquo;on puisse se vanter de l&rsquo;avoir prise, comme un troph\u00e9e. Je me demande ce que cette photo a aport\u00e9 \u00e0 ce petit gar\u00e7on. Mais bon, c&rsquo;est juste un avis personnel.<\/p>\n<p style=\"text-align: justify;\">En fait, mon opinion personnelle est qu&rsquo;une telle photo ne doit \u00eatre prise ou diffus\u00e9e que si elle est utile et peut diminuer la souffrance de quelqu&rsquo;un (la valeur d&rsquo;usage) ou alors comme valeur historique et surtout pas pour juste faire une bonne photo de plus ou encore pour satisfaire la soif d&rsquo;images poignantes et, encore moins, gagner de l&rsquo;argent avec la souffrance des autres.<\/p>\n<p>&nbsp;<\/p>\n","protected":false},"excerpt":{"rendered":"<p>\u00ab\u00a0Devant la douleur des autres\u00a0\u00bb, de Susan Sontag est un livre \u00e0 lire. Au d\u00e9but du deuxi\u00e8me chapitre, Susan \u00e9crit<\/p>\n","protected":false},"author":1,"featured_media":0,"comment_status":"closed","ping_status":"closed","sticky":false,"template":"","format":"standard","meta":{"footnotes":""},"categories":[5],"tags":[],"class_list":["post-932","post","type-post","status-publish","format-standard","hentry","category-blog","comments-off"],"post_mailing_queue_ids":[],"_links":{"self":[{"href":"https:\/\/photo.jose-marcio.org\/gallery\/index.php\/wp-json\/wp\/v2\/posts\/932","targetHints":{"allow":["GET"]}}],"collection":[{"href":"https:\/\/photo.jose-marcio.org\/gallery\/index.php\/wp-json\/wp\/v2\/posts"}],"about":[{"href":"https:\/\/photo.jose-marcio.org\/gallery\/index.php\/wp-json\/wp\/v2\/types\/post"}],"author":[{"embeddable":true,"href":"https:\/\/photo.jose-marcio.org\/gallery\/index.php\/wp-json\/wp\/v2\/users\/1"}],"replies":[{"embeddable":true,"href":"https:\/\/photo.jose-marcio.org\/gallery\/index.php\/wp-json\/wp\/v2\/comments?post=932"}],"version-history":[{"count":3,"href":"https:\/\/photo.jose-marcio.org\/gallery\/index.php\/wp-json\/wp\/v2\/posts\/932\/revisions"}],"predecessor-version":[{"id":1499,"href":"https:\/\/photo.jose-marcio.org\/gallery\/index.php\/wp-json\/wp\/v2\/posts\/932\/revisions\/1499"}],"wp:attachment":[{"href":"https:\/\/photo.jose-marcio.org\/gallery\/index.php\/wp-json\/wp\/v2\/media?parent=932"}],"wp:term":[{"taxonomy":"category","embeddable":true,"href":"https:\/\/photo.jose-marcio.org\/gallery\/index.php\/wp-json\/wp\/v2\/categories?post=932"},{"taxonomy":"post_tag","embeddable":true,"href":"https:\/\/photo.jose-marcio.org\/gallery\/index.php\/wp-json\/wp\/v2\/tags?post=932"}],"curies":[{"name":"wp","href":"https:\/\/api.w.org\/{rel}","templated":true}]}}